{"id":1395,"date":"2021-08-25T13:30:07","date_gmt":"2021-08-25T13:30:07","guid":{"rendered":"https:\/\/www.pousadaareiasdorosa.com.br\/?p=1395"},"modified":"2021-08-28T21:47:14","modified_gmt":"2021-08-28T21:47:14","slug":"tudo-que-voce-precisa-saber-sobre-o-avistamento-de-baleias-em-santa-catarina","status":"publish","type":"post","link":"https:\/\/www.pousadaareiasdorosa.com.br\/es\/2021\/08\/25\/tudo-que-voce-precisa-saber-sobre-o-avistamento-de-baleias-em-santa-catarina\/","title":{"rendered":"Todo lo que necesita saber sobre los avistamientos de ballenas en Santa Catarina"},"content":{"rendered":"<p><\/p>\n<h1><span style=\"font-weight: 400;\">Todo lo que necesita saber sobre los avistamientos de ballenas en Santa Catarina<\/span><\/h1>\n<p><span style=\"font-weight: 400;\">\u00a0<\/span><\/p>\n<p><span style=\"font-weight: 400;\">Actualmente, el municipio de Imbituba en Santa Catarina recibe muchos turistas interesados en ver ballenas y sus cr\u00edas. Pero lo m\u00e1s probable es que no sepa que esta regi\u00f3n en el pasado atrae a muchas personas interesadas en sacrificar ballenas para vender su petr\u00f3leo.\u00a0\u00a0\u00a0\u00a0<\/span><\/p>\n<p><span style=\"font-weight: 400;\">\u00a0<\/span><\/p>\n<p><span style=\"font-weight: 400;\">El aceite fue ampliamente utilizado en la iluminaci\u00f3n, principalmente, de las calles de R\u00edo de Janeiro y S\u00e3o Paulo. Pero tambi\u00e9n era importante en la construcci\u00f3n de edificios porque daba resistencia a la construcci\u00f3n cuando no hab\u00eda cemento.\u00a0\u00a0\u00a0<\/span><\/p>\n<p><span style=\"font-weight: 400;\">\u00a0<\/span><\/p>\n<p><span style=\"font-weight: 400;\">Hoy en d\u00eda, la pesca de ballenas est\u00e1 prohibida y el avistamiento en Santa Catarina se lleva a cabo en el per\u00edodo de julio a noviembre y forma parte de la Ruta de la Ballena Franca que incluye los municipios de Laguna, Imbituba y Garopaba. Regi\u00f3n playa Rosa, considerada una de las m\u00e1s bellas del mundo.\u00a0<\/span><\/p>\n<p><span style=\"font-weight: 400;\">\u00a0<\/span><\/p>\n<p><span style=\"font-weight: 400;\">Durante este per\u00edodo estos mam\u00edferos abandonan la Patagonia y migran a la costa sur de Brasil para tener a sus cr\u00edas, alimentarlas y escapar de las aguas heladas. Algunas pueden pesar hasta 5 toneladas, medir hasta 17 metros y el mayor n\u00famero de ballenas aparecen en la segunda quincena de agosto hasta el primero de octubre.\u00a0\u00a0\u00a0<\/span><\/p>\n<p><span style=\"font-weight: 400;\">\u00a0<\/span><\/p>\n<p><span style=\"font-weight: 400;\">Este tour de avistamiento de ballenas tambi\u00e9n llamado avistamiento de ballenas se lleva a cabo en todo el mundo y mueve aproximadamente $ 2 mil millones al a\u00f1o. En Brasil ocurre de una manera m\u00e1s organizada en la costa sur, pero se practica en otras regiones.\u00a0\u00a0\u00a0\u00a0<\/span><\/p>\n<p><span style=\"font-weight: 400;\">\u00a0<\/span><\/p>\n<p><span style=\"font-weight: 400;\">El avistamiento de ballenas es considerado uno de los espect\u00e1culos m\u00e1s bellos de la naturaleza. Se pueden ver desde las colinas, playas o barcos. El primer grupo de francas de 2021 fue visto el 29 de junio e inscrito por el equipo del Proyecto ProFranca\/Australis Institute en la playa de Ibiraquera en Imbituba.<\/span><\/p>\n<p><span style=\"font-weight: 400;\">\u00a0<\/span><\/p>\n<p><span style=\"font-weight: 400;\">Y el \u00e9xito de este disco se apoy\u00f3 en la tecnolog\u00eda, aliada en el avistamiento de ballenas porque los drones graban im\u00e1genes importantes para el estudio del comportamiento de estos animales. El gerente de ProFranca afirma que estos dispositivos son fundamentales para reconocer tambi\u00e9n a los cachorros reci\u00e9n nacidos.<\/span><\/p>\n<p><span style=\"font-weight: 400;\">\u00a0<\/span><\/p>\n<p><span style=\"font-weight: 400;\">La directora de ProFranca\/Instituto Australis indic\u00f3 que en 2008 se registr\u00f3 la primera ballena y recibi\u00f3 la identificaci\u00f3n con el n\u00famero B523. A trav\u00e9s de ella se pudo confirmar nuevamente su presencia en la regi\u00f3n en los a\u00f1os 2012 y 2018.\u00a0\u00a0\u00a0\u00a0\u00a0\u00a0<\/span><\/p>\n<p><span style=\"font-weight: 400;\">\u00a0<\/span><\/p>\n<p><span style=\"font-weight: 400;\">Las ballenas regresan al lugar donde se reproducen a intervalos de 3 a\u00f1os. As\u00ed, las ballenas vistas en la costa Sur en 2018 pueden volver a aparecer en 2021 en Imbituba, llamada la capital brasile\u00f1a de Baleia Franca.\u00a0\u00a0<\/span><\/p>\n<p><span style=\"font-weight: 400;\">\u00a0<\/span><\/p>\n<p><span style=\"font-weight: 400;\">Por lo tanto, Imbituba y Garopaba son las ciudades donde las ballenas se ven con m\u00e1s frecuencia. Y cualquier persona que est\u00e9 en estas \u00e1reas y vea una ballena puede contribuir al Instituto de la Ballena Franca y enviar las im\u00e1genes o ver videos con ellas en el sitio web: <a href=\"http:\/\/baleiafranca.org.br\/avistagens\/\">www.baleiafranca.org.br\/avistagens<\/a>.\u00a0\u00a0<\/span><\/p>\n<p><span style=\"font-weight: 400;\">\u00a0<\/span><\/p>\n<p><span style=\"font-weight: 400;\">El Centro Nacional para la Conservaci\u00f3n de la Ballena Franca (CNCBF) es una excelente opci\u00f3n para los turistas que deseen observar estos hermosos mam\u00edferos porque tiene una ubicaci\u00f3n adecuada para esta pr\u00e1ctica y a\u00fan brinda informaci\u00f3n sobre los Francas y el visitante puede ver una r\u00e9plica de un cachorro de tama\u00f1o natural.<\/span><\/p>\n<p><span style=\"font-weight: 400;\">\u00a0<\/span><\/p>\n<p><span style=\"font-weight: 400;\">Adem\u00e1s del CNCBF, para tener un gran avistamiento es importante seguir las reglas de la embarcaci\u00f3n, tomar prism\u00e1ticos, elegir lugares altos, si est\u00e1s en tierra, protegerte de los vientos y el fr\u00edo y nunca faltar el respeto a los residentes para obtener la mejor observaci\u00f3n.<\/span><\/p>\n<p><span style=\"font-weight: 400;\">\u00a0<\/span><\/p>\n<p><span style=\"font-weight: 400;\">Avent\u00farate en esta experiencia <a href=\"https:\/\/hbook.hsystem.com.br\/Booking?companyId=60e63e7b8b47782d7397f536\">y haz tu reserva aqu\u00ed en Areias do Rosa inn<\/a>.<\/span><\/p>\n<p><span style=\"font-weight: 400;\">\u00a0<\/span><\/p>\n<p><span style=\"font-weight: 400;\">Por Sandra Lopes<\/span><\/p>\n<p><span style=\"font-weight: 400;\">\u00a0<\/span><\/p>","protected":false},"excerpt":{"rendered":"","protected":false},"author":8,"featured_media":1406,"comment_status":"closed","ping_status":"open","sticky":false,"template":"","format":"standard","meta":{"sfsi_plus_gutenberg_text_before_share":"","sfsi_plus_gutenberg_show_text_before_share":"","sfsi_plus_gutenberg_icon_type":"","sfsi_plus_gutenberg_icon_alignemt":"","sfsi_plus_gutenburg_max_per_row":"","spay_email":"","jetpack_publicize_message":"","jetpack_is_tweetstorm":false},"categories":[72,105,111,82,4,1],"tags":[],"jetpack_featured_media_url":"https:\/\/www.pousadaareiasdorosa.com.br\/wp-content\/uploads\/2021\/08\/pexels-silvana-palacios-3635870-scaled.jpg","jetpack_publicize_connections":[],"jetpack_shortlink":"https:\/\/wp.me\/pcgbzY-mv","_links":{"self":[{"href":"https:\/\/www.pousadaareiasdorosa.com.br\/es\/wp-json\/wp\/v2\/posts\/1395"}],"collection":[{"href":"https:\/\/www.pousadaareiasdorosa.com.br\/es\/wp-json\/wp\/v2\/posts"}],"about":[{"href":"https:\/\/www.pousadaareiasdorosa.com.br\/es\/wp-json\/wp\/v2\/types\/post"}],"author":[{"embeddable":true,"href":"https:\/\/www.pousadaareiasdorosa.com.br\/es\/wp-json\/wp\/v2\/users\/8"}],"replies":[{"embeddable":true,"href":"https:\/\/www.pousadaareiasdorosa.com.br\/es\/wp-json\/wp\/v2\/comments?post=1395"}],"version-history":[{"count":11,"href":"https:\/\/www.pousadaareiasdorosa.com.br\/es\/wp-json\/wp\/v2\/posts\/1395\/revisions"}],"predecessor-version":[{"id":1407,"href":"https:\/\/www.pousadaareiasdorosa.com.br\/es\/wp-json\/wp\/v2\/posts\/1395\/revisions\/1407"}],"wp:featuredmedia":[{"embeddable":true,"href":"https:\/\/www.pousadaareiasdorosa.com.br\/es\/wp-json\/wp\/v2\/media\/1406"}],"wp:attachment":[{"href":"https:\/\/www.pousadaareiasdorosa.com.br\/es\/wp-json\/wp\/v2\/media?parent=1395"}],"wp:term":[{"taxonomy":"category","embeddable":true,"href":"https:\/\/www.pousadaareiasdorosa.com.br\/es\/wp-json\/wp\/v2\/categories?post=1395"},{"taxonomy":"post_tag","embeddable":true,"href":"https:\/\/www.pousadaareiasdorosa.com.br\/es\/wp-json\/wp\/v2\/tags?post=1395"}],"curies":[{"name":"wp","href":"https:\/\/api.w.org\/{rel}","templated":true}]}}