{"id":1367,"date":"2021-08-04T13:30:05","date_gmt":"2021-08-04T13:30:05","guid":{"rendered":"https:\/\/www.pousadaareiasdorosa.com.br\/?p=1367"},"modified":"2021-08-28T22:14:13","modified_gmt":"2021-08-28T22:14:13","slug":"onde-e-a-praia-do-rosa","status":"publish","type":"post","link":"https:\/\/www.pousadaareiasdorosa.com.br\/es\/2021\/08\/04\/onde-e-a-praia-do-rosa\/","title":{"rendered":"\u00bfD\u00f3nde est\u00e1 Rosa Beach?"},"content":{"rendered":"<p><\/p>\n<h1><span style=\"font-weight: 400;\">\u00bfD\u00f3nde est\u00e1 Rosa Beach?<\/span><\/h1>\n<p>&nbsp;<\/p>\n<p><span style=\"font-weight: 400;\">Praia do Rosa se encuentra en la costa sur de Santa Catarina, se encuentra a 90 km de Florian\u00f3polis y es parte del municipio de Imbituba. Esta es la ubicaci\u00f3n geogr\u00e1fica de una de las playas m\u00e1s bellas del planeta, pero lo que encontrar\u00e1s en este para\u00edso va mucho m\u00e1s all\u00e1 de lo que puede haber en cualquier descripci\u00f3n.<\/span><\/p>\n<p><span style=\"font-weight: 400;\">\u00a0<\/span><\/p>\n<p><span style=\"font-weight: 400;\">Y la gran pregunta sobre esta playa no es d\u00f3nde est\u00e1, sino qu\u00e9 es. Descubre ahora todo lo que necesitas saber y lo que puedes descubrir visitando este lugar \u00fanico en Brasil.<\/span><\/p>\n<p><span style=\"font-weight: 400;\">\u00a0<\/span><\/p>\n<p><span style=\"font-weight: 400;\">El origen de esta playa es bastante antiguo y comenz\u00f3 como un pueblo de pescadores, fue \u00abdescubierto\u00bb por los surfistas que ya la frecuentaron en los a\u00f1os 70 y muchas familias portuguesas viv\u00edan en la regi\u00f3n de Rosa en la \u00e9poca del reinado de Dom Jo\u00e3o VI que instal\u00f3 en ella la Col\u00f4nia Nova Ericeira en 1818.<\/span><\/p>\n<p><span style=\"font-weight: 400;\">\u00a0<\/span><\/p>\n<p><span style=\"font-weight: 400;\">Los surfistas no han tenido el privilegio de disfrutar de esta hermosa playa durante mucho tiempo. En los a\u00f1os 90 la regi\u00f3n recibi\u00f3 nuevos desarrollos y desde entonces m\u00e1s personas han descubierto el encanto y los encantos del lugar y encuentran atracciones de enero a diciembre.\u00a0\u00a0<\/span><\/p>\n<p><span style=\"font-weight: 400;\">\u00a0<\/span><\/p>\n<p><span style=\"font-weight: 400;\">La regi\u00f3n es tan rica hist\u00f3ricamente como en bellezas naturales y por lo que la asociaci\u00f3n francesa World Bays incluy\u00f3 en 2013 Praia do Rosa en la lista \u00abbah\u00edas m\u00e1s bellas del mundo\u00bb con 30 playas ubicadas en varias partes del planeta. Es la \u00fanica playa brasile\u00f1a en este ranking.\u00a0\u00a0\u00a0\u00a0\u00a0<\/span><\/p>\n<p>&nbsp;<\/p>\n<p><img loading=\"lazy\" class=\"alignnone wp-image-1369\" src=\"https:\/\/www.pousadaareiasdorosa.com.br\/wp-content\/uploads\/2021\/08\/rosa-I.jpg\" alt=\"\" width=\"3024\" height=\"1118\" \/><\/p>\n<p><span style=\"font-weight: 400;\">\u00a0\u00a0\u00a0\u00a0<\/span><\/p>\n<p><span style=\"font-weight: 400;\">La longitud de la franja de arena es de s\u00f3lo 2 kil\u00f3metros de largo, sin embargo, con arenas blancas y rodeado de bosque nativo, laguna de agua salada, senderos y mar con aguas azules.<\/span><\/p>\n<p><span style=\"font-weight: 400;\">\u00a0<\/span><\/p>\n<p><span style=\"font-weight: 400;\">El acceso a Praia do Rosa se puede hacer en avi\u00f3n, por el aeropuerto m\u00e1s cercano, florian\u00f3polis, situado a 90 km de distancia. Pero si eliges el viaje en coche, el acceso es por br-101 al km 274, en el tr\u00e9bol garopaba. El viaje tambi\u00e9n se puede hacer en autob\u00fas, las compa\u00f1\u00edas Catarinense e Itapemirim sirven a la regi\u00f3n.\u00a0<\/span><\/p>\n<p><span style=\"font-weight: 400;\">\u00a0<\/span><\/p>\n<p><span style=\"font-weight: 400;\">Los turistas en coche deben ser conscientes del per\u00edodo de alojamiento, ya que en temporada baja es muy probable que circule sin mayores problemas. Sin embargo, en los meses m\u00e1s buscados vale la pena programar dejar el coche a un lado porque las calles son estrechas, el suelo y la congesti\u00f3n son agotadores.\u00a0\u00a0\u00a0\u00a0\u00a0<\/span><\/p>\n<p><span style=\"font-weight: 400;\">\u00a0<\/span><\/p>\n<p><span style=\"font-weight: 400;\">Praia do Rosa cuenta con recursos naturales y estructura f\u00edsica para acoger y deleitar a todo tipo de turistas durante todo el a\u00f1o con senderos que entregan paisajes inolvidables, hermosas puestas de sol, restaurantes con mariscos para sorprender el paladar y la gastronom\u00eda de diversas partes del mundo.<\/span><\/p>\n<p><span style=\"font-weight: 400;\">\u00a0<\/span><\/p>\n<p><span style=\"font-weight: 400;\">\u00bfQu\u00e9 pasa con el invierno? Esta temporada en Praia do Rosa es m\u00e1gica, porque es en este momento que las ballenas francas visitan la regi\u00f3n en el per\u00edodo de julio a noviembre para alimentar a sus cr\u00edas y realizar uno de los mayores milagros de la naturaleza. procrear.\u00a0\u00a0\u00a0<\/span><\/p>\n<p><span style=\"font-weight: 400;\">\u00a0<\/span><\/p>\n<p><span style=\"font-weight: 400;\">Esto es todo lo que define y responde a la pregunta: \u00bfQu\u00e9 es Praia do Rosa? <\/span><a href=\"https:\/\/hbook.hsystem.com.br\/Booking?companyId=60e63e7b8b47782d7397f536\"><b>As\u00ed que haga clic aqu\u00ed hacer su reserva en el albergue Areias do Rosa <\/b><\/a><span style=\"font-weight: 400;\">y construir su propia definici\u00f3n.\u00a0<\/span><\/p>\n<p><span style=\"font-weight: 400;\">\u00a0<\/span><\/p>\n<p><span style=\"font-weight: 400;\">Por Sandra Lopes<\/span><\/p>","protected":false},"excerpt":{"rendered":"","protected":false},"author":8,"featured_media":1412,"comment_status":"closed","ping_status":"open","sticky":false,"template":"","format":"standard","meta":{"sfsi_plus_gutenberg_text_before_share":"","sfsi_plus_gutenberg_show_text_before_share":"","sfsi_plus_gutenberg_icon_type":"","sfsi_plus_gutenberg_icon_alignemt":"","sfsi_plus_gutenburg_max_per_row":"","spay_email":"","jetpack_publicize_message":"","jetpack_is_tweetstorm":false},"categories":[72,105,82,4,100],"tags":[],"jetpack_featured_media_url":"https:\/\/www.pousadaareiasdorosa.com.br\/wp-content\/uploads\/2021\/08\/DJI_0115-Pano-Editar-Editar-scaled.jpg","jetpack_publicize_connections":[],"jetpack_shortlink":"https:\/\/wp.me\/pcgbzY-m3","_links":{"self":[{"href":"https:\/\/www.pousadaareiasdorosa.com.br\/es\/wp-json\/wp\/v2\/posts\/1367"}],"collection":[{"href":"https:\/\/www.pousadaareiasdorosa.com.br\/es\/wp-json\/wp\/v2\/posts"}],"about":[{"href":"https:\/\/www.pousadaareiasdorosa.com.br\/es\/wp-json\/wp\/v2\/types\/post"}],"author":[{"embeddable":true,"href":"https:\/\/www.pousadaareiasdorosa.com.br\/es\/wp-json\/wp\/v2\/users\/8"}],"replies":[{"embeddable":true,"href":"https:\/\/www.pousadaareiasdorosa.com.br\/es\/wp-json\/wp\/v2\/comments?post=1367"}],"version-history":[{"count":2,"href":"https:\/\/www.pousadaareiasdorosa.com.br\/es\/wp-json\/wp\/v2\/posts\/1367\/revisions"}],"predecessor-version":[{"id":1371,"href":"https:\/\/www.pousadaareiasdorosa.com.br\/es\/wp-json\/wp\/v2\/posts\/1367\/revisions\/1371"}],"wp:featuredmedia":[{"embeddable":true,"href":"https:\/\/www.pousadaareiasdorosa.com.br\/es\/wp-json\/wp\/v2\/media\/1412"}],"wp:attachment":[{"href":"https:\/\/www.pousadaareiasdorosa.com.br\/es\/wp-json\/wp\/v2\/media?parent=1367"}],"wp:term":[{"taxonomy":"category","embeddable":true,"href":"https:\/\/www.pousadaareiasdorosa.com.br\/es\/wp-json\/wp\/v2\/categories?post=1367"},{"taxonomy":"post_tag","embeddable":true,"href":"https:\/\/www.pousadaareiasdorosa.com.br\/es\/wp-json\/wp\/v2\/tags?post=1367"}],"curies":[{"name":"wp","href":"https:\/\/api.w.org\/{rel}","templated":true}]}}